{"id":12552,"date":"2023-10-10T09:57:36","date_gmt":"2023-10-10T09:57:36","guid":{"rendered":"https:\/\/lucas-filmfestival.de\/preisverleihung-des-45-lucas-filmfestivals\/"},"modified":"2023-10-11T08:21:27","modified_gmt":"2023-10-11T08:21:27","slug":"award-ceremony-lucas-46","status":"publish","type":"post","link":"https:\/\/2023.lucas-filmfestival.de\/en\/award-ceremony-lucas-46\/","title":{"rendered":"Award ceremony of the 46th LUCAS Film Festival"},"content":{"rendered":"<div class=\"wpb-content-wrapper\"><p>[vc_row][vc_column][vc_column_text]<\/p>\n<header class=\"entry-header ast-no-meta\"><\/header>\n<div class=\"entry-content clear\">\n<div class=\"vc_row wpb_row vc_row-fluid\">\n<div class=\"wpb_column vc_column_container vc_col-sm-12\">\n<div class=\"vc_column-inner\">\n<div class=\"wpb_wrapper\">\n<div class=\"wpb_text_column wpb_content_element \">\n<div class=\"wpb_wrapper\">\n<p style=\"text-align: justify;\"><strong>When: TH, Oct. 12 | 6 p.m.<\/strong><br>\n<strong>Where: DFF Cinema<\/strong><\/p>\n<p style=\"text-align: justify;\">It\u2019s time, the awards of this year\u2019s LUCAS edi\u00adti\u00adon will be pre\u00adsen\u00adted in the DFF Cinema.<\/p>\n<p style=\"text-align: justify;\">In the \u00bbKids\u00ab and \u00bbTeens\u00ab sec\u00adtions, young film fans will deci\u00adde on the awards with adult indus\u00adtry pro\u00adfes\u00adsio\u00adnals. In the \u00bbYoungsters\u00ab com\u00adpe\u00adti\u00adti\u00adon, the decis\u00adi\u00adon is in the hands of six young peo\u00adp\u00adle from Slovenia, Kosovo and Germany. Juries from the \u00bbEuropean Children\u2019s Film Association\u00ab and the \u00bbCinema Without Borders\u00ab net\u00adwork will award one pri\u00adze each. The audi\u00adence award was deci\u00added by the fes\u00adti\u00adval visi\u00adtors. The \u00bbStadtteiljury\u00ab awards a pri\u00adze to a short film from the competition.<\/p>\n<p><strong>All Awards:<br>\n<\/strong><span style=\"text-decoration: underline;\">Competition \u00bbKids\u00ab<\/span><span style=\"font-size: 16px;\">:<\/span><\/p>\n<\/div>\n<ul>\n<li>Award for the Best Feature Film (5,000 Euro), dona\u00adted by the Sparkassen Kulturstiftung Hessen-Th\u00fcringen<\/li>\n<li>Award for the Best Short Film 8+ (2,000 Euro)<\/li>\n<\/ul>\n<p><span style=\"text-decoration: underline;\">Competition \u00bbTeens\u00ab<\/span>:<\/p>\n<ul>\n<li>Award for the Best Feature Film (5,000 Euro)<\/li>\n<li>Award for the Best Short Film (2,000 Euro)<\/li>\n<li>\n<div>Award for an Outstanding Cinematic Achievement (2,000 Euro)<\/div>\n<\/li>\n<\/ul>\n<p><span style=\"text-decoration: underline;\">Competition \u00bbYoungsters\u00ab<\/span>:<\/p>\n<ul>\n<li>LUCAS \u00bbYoungsters\u00ab Award (5,000 Euro)<\/li>\n<\/ul>\n<p><span style=\"text-decoration: underline;\">All Sections<\/span>:<\/p>\n<ul>\n<li>\u00bbStadtteiljury\u00ab Award in the Short Film Competition<\/li>\n<li>ECFA-Award<\/li>\n<li>MOZAIK Bridging the Borders Award<\/li>\n<li>Publikumspreis<\/li>\n<\/ul>\n<\/div>\n<\/div>\n<\/div>\n<\/div>\n<\/div>\n<\/div>\n<p>[\/vc_column_text][\/vc_column][\/vc_row]<\/p>\n<\/div>","protected":false},"excerpt":{"rendered":"<p>When: TH, 12.10. | 6 p.m.<br>\nWhere: DFF Cinema<\/p>\n","protected":false},"author":5,"featured_media":16150,"comment_status":"closed","ping_status":"closed","sticky":false,"template":"","format":"standard","meta":{"wp_typography_post_enhancements_disabled":false,"site-sidebar-layout":"default","site-content-layout":"default","ast-site-content-layout":"default","site-content-style":"default","site-sidebar-style":"default","ast-global-header-display":"","ast-banner-title-visibility":"","ast-main-header-display":"","ast-hfb-above-header-display":"","ast-hfb-below-header-display":"","ast-hfb-mobile-header-display":"","site-post-title":"","ast-breadcrumbs-content":"","ast-featured-img":"","footer-sml-layout":"","ast-disable-related-posts":"","theme-transparent-header-meta":"default","adv-header-id-meta":"","stick-header-meta":"default","header-above-stick-meta":"","header-main-stick-meta":"","header-below-stick-meta":"","astra-migrate-meta-layouts":"default","ast-page-background-enabled":"default","ast-page-background-meta":{"desktop":{"background-color":"var(--ast-global-color-4)","background-image":"","background-repeat":"repeat","background-position":"center center","background-size":"auto","background-attachment":"scroll","background-type":"","background-media":"","overlay-type":"","overlay-color":"","overlay-opacity":"","overlay-gradient":""},"tablet":{"background-color":"","background-image":"","background-repeat":"repeat","background-position":"center center","background-size":"auto","background-attachment":"scroll","background-type":"","background-media":"","overlay-type":"","overlay-color":"","overlay-opacity":"","overlay-gradient":""},"mobile":{"background-color":"","background-image":"","background-repeat":"repeat","background-position":"center center","background-size":"auto","background-attachment":"scroll","background-type":"","background-media":"","overlay-type":"","overlay-color":"","overlay-opacity":"","overlay-gradient":""}},"ast-content-background-meta":{"desktop":{"background-color":"var(--ast-global-color-5)","background-image":"","background-repeat":"repeat","background-position":"center center","background-size":"auto","background-attachment":"scroll","background-type":"","background-media":"","overlay-type":"","overlay-color":"","overlay-opacity":"","overlay-gradient":""},"tablet":{"background-color":"var(--ast-global-color-5)","background-image":"","background-repeat":"repeat","background-position":"center center","background-size":"auto","background-attachment":"scroll","background-type":"","background-media":"","overlay-type":"","overlay-color":"","overlay-opacity":"","overlay-gradient":""},"mobile":{"background-color":"var(--ast-global-color-5)","background-image":"","background-repeat":"repeat","background-position":"center center","background-size":"auto","background-attachment":"scroll","background-type":"","background-media":"","overlay-type":"","overlay-color":"","overlay-opacity":"","overlay-gradient":""}},"footnotes":""},"categories":[458,149],"tags":[],"class_list":["post-12552","post","type-post","status-publish","format-standard","has-post-thumbnail","hentry","category-events-2023","category-news"],"yoast_head":"<!-- This site is optimized with the Yoast SEO plugin v27.2 - https:\/\/yoast.com\/product\/yoast-seo-wordpress\/ -->\n<title>Award ceremony of the 46th LUCAS Film Festival - LUCAS \u2013 Internationales Festival f\u00fcr junge Filmfans<\/title>\n<meta name=\"robots\" content=\"index, follow, max-snippet:-1, max-image-preview:large, max-video-preview:-1\" \/>\n<link rel=\"canonical\" href=\"https:\/\/2023.lucas-filmfestival.de\/en\/award-ceremony-lucas-46\/\" \/>\n<meta property=\"og:locale\" content=\"en_US\" \/>\n<meta property=\"og:type\" content=\"article\" \/>\n<meta property=\"og:title\" content=\"Award ceremony of the 46th LUCAS Film Festival - LUCAS \u2013 Internationales Festival f\u00fcr junge Filmfans\" \/>\n<meta property=\"og:description\" content=\"When: TH, 12.10. | 6 p.m. Where: DFF Cinema\" \/>\n<meta property=\"og:url\" content=\"https:\/\/2023.lucas-filmfestival.de\/en\/award-ceremony-lucas-46\/\" \/>\n<meta property=\"og:site_name\" content=\"LUCAS \u2013 Internationales Festival f\u00fcr junge Filmfans\" \/>\n<meta property=\"article:published_time\" content=\"2023-10-10T09:57:36+00:00\" \/>\n<meta property=\"article:modified_time\" content=\"2023-10-11T08:21:27+00:00\" \/>\n<meta property=\"og:image\" content=\"https:\/\/2023.lucas-filmfestival.de\/medien\/2022\/08\/2-LUCAS_45_PREISVERLEIHUNG_\u00a9OLIVER_LEICHT-1153.jpg\" \/>\n\t<meta property=\"og:image:width\" content=\"2000\" \/>\n\t<meta property=\"og:image:height\" content=\"1333\" \/>\n\t<meta property=\"og:image:type\" content=\"image\/jpeg\" \/>\n<meta name=\"author\" content=\"Tobias H\u00fcser\" \/>\n<meta name=\"twitter:card\" content=\"summary_large_image\" \/>\n<meta name=\"twitter:label1\" content=\"Written by\" \/>\n\t<meta name=\"twitter:data1\" content=\"Tobias H\u00fcser\" \/>\n\t<meta name=\"twitter:label2\" content=\"Est. reading time\" \/>\n\t<meta name=\"twitter:data2\" content=\"1 minute\" \/>\n<script type=\"application\/ld+json\" class=\"yoast-schema-graph\">{\"@context\":\"https:\/\/schema.org\",\"@graph\":[{\"@type\":\"Article\",\"@id\":\"https:\/\/2023.lucas-filmfestival.de\/en\/award-ceremony-lucas-46\/#article\",\"isPartOf\":{\"@id\":\"https:\/\/2023.lucas-filmfestival.de\/en\/award-ceremony-lucas-46\/\"},\"author\":{\"name\":\"Tobias H\u00fcser\",\"@id\":\"https:\/\/2023.lucas-filmfestival.de\/en\/#\/schema\/person\/f215739db793587724d9323a2d6c14b0\"},\"headline\":\"Award ceremony of the 46th LUCAS Film Festival\",\"datePublished\":\"2023-10-10T09:57:36+00:00\",\"dateModified\":\"2023-10-11T08:21:27+00:00\",\"mainEntityOfPage\":{\"@id\":\"https:\/\/2023.lucas-filmfestival.de\/en\/award-ceremony-lucas-46\/\"},\"wordCount\":195,\"publisher\":{\"@id\":\"https:\/\/2023.lucas-filmfestival.de\/en\/#organization\"},\"image\":{\"@id\":\"https:\/\/2023.lucas-filmfestival.de\/en\/award-ceremony-lucas-46\/#primaryimage\"},\"thumbnailUrl\":\"https:\/\/2023.lucas-filmfestival.de\/medien\/2022\/08\/2-LUCAS_45_PREISVERLEIHUNG_\u00a9OLIVER_LEICHT-1153.jpg\",\"articleSection\":[\"Events 2023\",\"News\"],\"inLanguage\":\"en-US\"},{\"@type\":\"WebPage\",\"@id\":\"https:\/\/2023.lucas-filmfestival.de\/en\/award-ceremony-lucas-46\/\",\"url\":\"https:\/\/2023.lucas-filmfestival.de\/en\/award-ceremony-lucas-46\/\",\"name\":\"Award ceremony of the 46th LUCAS Film Festival - LUCAS \u2013 Internationales Festival f\u00fcr junge Filmfans\",\"isPartOf\":{\"@id\":\"https:\/\/2023.lucas-filmfestival.de\/en\/#website\"},\"primaryImageOfPage\":{\"@id\":\"https:\/\/2023.lucas-filmfestival.de\/en\/award-ceremony-lucas-46\/#primaryimage\"},\"image\":{\"@id\":\"https:\/\/2023.lucas-filmfestival.de\/en\/award-ceremony-lucas-46\/#primaryimage\"},\"thumbnailUrl\":\"https:\/\/2023.lucas-filmfestival.de\/medien\/2022\/08\/2-LUCAS_45_PREISVERLEIHUNG_\u00a9OLIVER_LEICHT-1153.jpg\",\"datePublished\":\"2023-10-10T09:57:36+00:00\",\"dateModified\":\"2023-10-11T08:21:27+00:00\",\"breadcrumb\":{\"@id\":\"https:\/\/2023.lucas-filmfestival.de\/en\/award-ceremony-lucas-46\/#breadcrumb\"},\"inLanguage\":\"en-US\",\"potentialAction\":[{\"@type\":\"ReadAction\",\"target\":[\"https:\/\/2023.lucas-filmfestival.de\/en\/award-ceremony-lucas-46\/\"]}]},{\"@type\":\"ImageObject\",\"inLanguage\":\"en-US\",\"@id\":\"https:\/\/2023.lucas-filmfestival.de\/en\/award-ceremony-lucas-46\/#primaryimage\",\"url\":\"https:\/\/2023.lucas-filmfestival.de\/medien\/2022\/08\/2-LUCAS_45_PREISVERLEIHUNG_\u00a9OLIVER_LEICHT-1153.jpg\",\"contentUrl\":\"https:\/\/2023.lucas-filmfestival.de\/medien\/2022\/08\/2-LUCAS_45_PREISVERLEIHUNG_\u00a9OLIVER_LEICHT-1153.jpg\",\"width\":2000,\"height\":1333,\"caption\":\"LUCAS-Preisverleihung\"},{\"@type\":\"BreadcrumbList\",\"@id\":\"https:\/\/2023.lucas-filmfestival.de\/en\/award-ceremony-lucas-46\/#breadcrumb\",\"itemListElement\":[{\"@type\":\"ListItem\",\"position\":1,\"name\":\"Home\",\"item\":\"https:\/\/2023.lucas-filmfestival.de\/en\/\"},{\"@type\":\"ListItem\",\"position\":2,\"name\":\"Award ceremony of the 46th LUCAS Film Festival\"}]},{\"@type\":\"WebSite\",\"@id\":\"https:\/\/2023.lucas-filmfestival.de\/en\/#website\",\"url\":\"https:\/\/2023.lucas-filmfestival.de\/en\/\",\"name\":\"LUCAS \u2013 Internationales Festival f\u00fcr junge Filmfans\",\"description\":\"Deutschlands \u00e4ltestes Filmfestival f\u00fcr junges Publikum. Das Programm richtet sich an alle von vier Jahren bis 18plus und pr\u00e4sentiert aktuelles internationales Filmschaffen \u2013 Spiel\u2011, Dokumentar\u2011, Animations- und Experimentalfilme. Herzst\u00fcck von LUCAS sind die Wettbewerbe in den Sektionen 8+, 13+ und 16+ | Youngsters.\",\"publisher\":{\"@id\":\"https:\/\/2023.lucas-filmfestival.de\/en\/#organization\"},\"potentialAction\":[{\"@type\":\"SearchAction\",\"target\":{\"@type\":\"EntryPoint\",\"urlTemplate\":\"https:\/\/2023.lucas-filmfestival.de\/en\/?s={search_term_string}\"},\"query-input\":{\"@type\":\"PropertyValueSpecification\",\"valueRequired\":true,\"valueName\":\"search_term_string\"}}],\"inLanguage\":\"en-US\"},{\"@type\":\"Organization\",\"@id\":\"https:\/\/2023.lucas-filmfestival.de\/en\/#organization\",\"name\":\"LUCAS \u2013 Internationales Festival f\u00fcr junge Filmfans\",\"url\":\"https:\/\/2023.lucas-filmfestival.de\/en\/\",\"logo\":{\"@type\":\"ImageObject\",\"inLanguage\":\"en-US\",\"@id\":\"https:\/\/2023.lucas-filmfestival.de\/en\/#\/schema\/logo\/image\/\",\"url\":\"https:\/\/2023.lucas-filmfestival.de\/medien\/2021\/01\/cropped-LucasAnimation-logo-br80px.gif\",\"contentUrl\":\"https:\/\/2023.lucas-filmfestival.de\/medien\/2021\/01\/cropped-LucasAnimation-logo-br80px.gif\",\"width\":80,\"height\":59,\"caption\":\"LUCAS \u2013 Internationales Festival f\u00fcr junge Filmfans\"},\"image\":{\"@id\":\"https:\/\/2023.lucas-filmfestival.de\/en\/#\/schema\/logo\/image\/\"}},{\"@type\":\"Person\",\"@id\":\"https:\/\/2023.lucas-filmfestival.de\/en\/#\/schema\/person\/f215739db793587724d9323a2d6c14b0\",\"name\":\"Tobias H\u00fcser\",\"image\":{\"@type\":\"ImageObject\",\"inLanguage\":\"en-US\",\"@id\":\"https:\/\/secure.gravatar.com\/avatar\/fd5c120fed0f2c6458f0ff8297d3b94ed8b9c856d08a1974bf9b38c46a4aa2b4?s=96&d=mm&r=g\",\"url\":\"https:\/\/secure.gravatar.com\/avatar\/fd5c120fed0f2c6458f0ff8297d3b94ed8b9c856d08a1974bf9b38c46a4aa2b4?s=96&d=mm&r=g\",\"contentUrl\":\"https:\/\/secure.gravatar.com\/avatar\/fd5c120fed0f2c6458f0ff8297d3b94ed8b9c856d08a1974bf9b38c46a4aa2b4?s=96&d=mm&r=g\",\"caption\":\"Tobias H\u00fcser\"},\"url\":\"https:\/\/2023.lucas-filmfestival.de\/en\/author\/thueser\/\"}]}<\/script>\n<!-- \/ Yoast SEO plugin. -->","yoast_head_json":{"title":"Award ceremony of the 46th LUCAS Film Festival - LUCAS \u2013 Internationales Festival f\u00fcr junge Filmfans","robots":{"index":"index","follow":"follow","max-snippet":"max-snippet:-1","max-image-preview":"max-image-preview:large","max-video-preview":"max-video-preview:-1"},"canonical":"https:\/\/2023.lucas-filmfestival.de\/en\/award-ceremony-lucas-46\/","og_locale":"en_US","og_type":"article","og_title":"Award ceremony of the 46th LUCAS Film Festival - LUCAS \u2013 Internationales Festival f\u00fcr junge Filmfans","og_description":"When: TH, 12.10. | 6 p.m. Where: DFF Cinema","og_url":"https:\/\/2023.lucas-filmfestival.de\/en\/award-ceremony-lucas-46\/","og_site_name":"LUCAS \u2013 Internationales Festival f\u00fcr junge Filmfans","article_published_time":"2023-10-10T09:57:36+00:00","article_modified_time":"2023-10-11T08:21:27+00:00","og_image":[{"width":2000,"height":1333,"url":"https:\/\/2023.lucas-filmfestival.de\/medien\/2022\/08\/2-LUCAS_45_PREISVERLEIHUNG_\u00a9OLIVER_LEICHT-1153.jpg","type":"image\/jpeg"}],"author":"Tobias H\u00fcser","twitter_card":"summary_large_image","twitter_misc":{"Written by":"Tobias H\u00fcser","Est. reading time":"1 minute"},"schema":{"@context":"https:\/\/schema.org","@graph":[{"@type":"Article","@id":"https:\/\/2023.lucas-filmfestival.de\/en\/award-ceremony-lucas-46\/#article","isPartOf":{"@id":"https:\/\/2023.lucas-filmfestival.de\/en\/award-ceremony-lucas-46\/"},"author":{"name":"Tobias H\u00fcser","@id":"https:\/\/2023.lucas-filmfestival.de\/en\/#\/schema\/person\/f215739db793587724d9323a2d6c14b0"},"headline":"Award ceremony of the 46th LUCAS Film Festival","datePublished":"2023-10-10T09:57:36+00:00","dateModified":"2023-10-11T08:21:27+00:00","mainEntityOfPage":{"@id":"https:\/\/2023.lucas-filmfestival.de\/en\/award-ceremony-lucas-46\/"},"wordCount":195,"publisher":{"@id":"https:\/\/2023.lucas-filmfestival.de\/en\/#organization"},"image":{"@id":"https:\/\/2023.lucas-filmfestival.de\/en\/award-ceremony-lucas-46\/#primaryimage"},"thumbnailUrl":"https:\/\/2023.lucas-filmfestival.de\/medien\/2022\/08\/2-LUCAS_45_PREISVERLEIHUNG_\u00a9OLIVER_LEICHT-1153.jpg","articleSection":["Events 2023","News"],"inLanguage":"en-US"},{"@type":"WebPage","@id":"https:\/\/2023.lucas-filmfestival.de\/en\/award-ceremony-lucas-46\/","url":"https:\/\/2023.lucas-filmfestival.de\/en\/award-ceremony-lucas-46\/","name":"Award ceremony of the 46th LUCAS Film Festival - LUCAS \u2013 Internationales Festival f\u00fcr junge Filmfans","isPartOf":{"@id":"https:\/\/2023.lucas-filmfestival.de\/en\/#website"},"primaryImageOfPage":{"@id":"https:\/\/2023.lucas-filmfestival.de\/en\/award-ceremony-lucas-46\/#primaryimage"},"image":{"@id":"https:\/\/2023.lucas-filmfestival.de\/en\/award-ceremony-lucas-46\/#primaryimage"},"thumbnailUrl":"https:\/\/2023.lucas-filmfestival.de\/medien\/2022\/08\/2-LUCAS_45_PREISVERLEIHUNG_\u00a9OLIVER_LEICHT-1153.jpg","datePublished":"2023-10-10T09:57:36+00:00","dateModified":"2023-10-11T08:21:27+00:00","breadcrumb":{"@id":"https:\/\/2023.lucas-filmfestival.de\/en\/award-ceremony-lucas-46\/#breadcrumb"},"inLanguage":"en-US","potentialAction":[{"@type":"ReadAction","target":["https:\/\/2023.lucas-filmfestival.de\/en\/award-ceremony-lucas-46\/"]}]},{"@type":"ImageObject","inLanguage":"en-US","@id":"https:\/\/2023.lucas-filmfestival.de\/en\/award-ceremony-lucas-46\/#primaryimage","url":"https:\/\/2023.lucas-filmfestival.de\/medien\/2022\/08\/2-LUCAS_45_PREISVERLEIHUNG_\u00a9OLIVER_LEICHT-1153.jpg","contentUrl":"https:\/\/2023.lucas-filmfestival.de\/medien\/2022\/08\/2-LUCAS_45_PREISVERLEIHUNG_\u00a9OLIVER_LEICHT-1153.jpg","width":2000,"height":1333,"caption":"LUCAS-Preisverleihung"},{"@type":"BreadcrumbList","@id":"https:\/\/2023.lucas-filmfestival.de\/en\/award-ceremony-lucas-46\/#breadcrumb","itemListElement":[{"@type":"ListItem","position":1,"name":"Home","item":"https:\/\/2023.lucas-filmfestival.de\/en\/"},{"@type":"ListItem","position":2,"name":"Award ceremony of the 46th LUCAS Film Festival"}]},{"@type":"WebSite","@id":"https:\/\/2023.lucas-filmfestival.de\/en\/#website","url":"https:\/\/2023.lucas-filmfestival.de\/en\/","name":"LUCAS \u2013 Internationales Festival f\u00fcr junge Filmfans","description":"Deutschlands \u00e4ltestes Filmfestival f\u00fcr junges Publikum. Das Programm richtet sich an alle von vier Jahren bis 18plus und pr\u00e4sentiert aktuelles internationales Filmschaffen \u2013 Spiel\u2011, Dokumentar\u2011, Animations- und Experimentalfilme. Herzst\u00fcck von LUCAS sind die Wettbewerbe in den Sektionen 8+, 13+ und 16+ | Youngsters.","publisher":{"@id":"https:\/\/2023.lucas-filmfestival.de\/en\/#organization"},"potentialAction":[{"@type":"SearchAction","target":{"@type":"EntryPoint","urlTemplate":"https:\/\/2023.lucas-filmfestival.de\/en\/?s={search_term_string}"},"query-input":{"@type":"PropertyValueSpecification","valueRequired":true,"valueName":"search_term_string"}}],"inLanguage":"en-US"},{"@type":"Organization","@id":"https:\/\/2023.lucas-filmfestival.de\/en\/#organization","name":"LUCAS \u2013 Internationales Festival f\u00fcr junge Filmfans","url":"https:\/\/2023.lucas-filmfestival.de\/en\/","logo":{"@type":"ImageObject","inLanguage":"en-US","@id":"https:\/\/2023.lucas-filmfestival.de\/en\/#\/schema\/logo\/image\/","url":"https:\/\/2023.lucas-filmfestival.de\/medien\/2021\/01\/cropped-LucasAnimation-logo-br80px.gif","contentUrl":"https:\/\/2023.lucas-filmfestival.de\/medien\/2021\/01\/cropped-LucasAnimation-logo-br80px.gif","width":80,"height":59,"caption":"LUCAS \u2013 Internationales Festival f\u00fcr junge Filmfans"},"image":{"@id":"https:\/\/2023.lucas-filmfestival.de\/en\/#\/schema\/logo\/image\/"}},{"@type":"Person","@id":"https:\/\/2023.lucas-filmfestival.de\/en\/#\/schema\/person\/f215739db793587724d9323a2d6c14b0","name":"Tobias H\u00fcser","image":{"@type":"ImageObject","inLanguage":"en-US","@id":"https:\/\/secure.gravatar.com\/avatar\/fd5c120fed0f2c6458f0ff8297d3b94ed8b9c856d08a1974bf9b38c46a4aa2b4?s=96&d=mm&r=g","url":"https:\/\/secure.gravatar.com\/avatar\/fd5c120fed0f2c6458f0ff8297d3b94ed8b9c856d08a1974bf9b38c46a4aa2b4?s=96&d=mm&r=g","contentUrl":"https:\/\/secure.gravatar.com\/avatar\/fd5c120fed0f2c6458f0ff8297d3b94ed8b9c856d08a1974bf9b38c46a4aa2b4?s=96&d=mm&r=g","caption":"Tobias H\u00fcser"},"url":"https:\/\/2023.lucas-filmfestival.de\/en\/author\/thueser\/"}]}},"_links":{"self":[{"href":"https:\/\/2023.lucas-filmfestival.de\/en\/wp-json\/wp\/v2\/posts\/12552","targetHints":{"allow":["GET"]}}],"collection":[{"href":"https:\/\/2023.lucas-filmfestival.de\/en\/wp-json\/wp\/v2\/posts"}],"about":[{"href":"https:\/\/2023.lucas-filmfestival.de\/en\/wp-json\/wp\/v2\/types\/post"}],"author":[{"embeddable":true,"href":"https:\/\/2023.lucas-filmfestival.de\/en\/wp-json\/wp\/v2\/users\/5"}],"replies":[{"embeddable":true,"href":"https:\/\/2023.lucas-filmfestival.de\/en\/wp-json\/wp\/v2\/comments?post=12552"}],"version-history":[{"count":6,"href":"https:\/\/2023.lucas-filmfestival.de\/en\/wp-json\/wp\/v2\/posts\/12552\/revisions"}],"predecessor-version":[{"id":16868,"href":"https:\/\/2023.lucas-filmfestival.de\/en\/wp-json\/wp\/v2\/posts\/12552\/revisions\/16868"}],"wp:featuredmedia":[{"embeddable":true,"href":"https:\/\/2023.lucas-filmfestival.de\/en\/wp-json\/wp\/v2\/media\/16150"}],"wp:attachment":[{"href":"https:\/\/2023.lucas-filmfestival.de\/en\/wp-json\/wp\/v2\/media?parent=12552"}],"wp:term":[{"taxonomy":"category","embeddable":true,"href":"https:\/\/2023.lucas-filmfestival.de\/en\/wp-json\/wp\/v2\/categories?post=12552"},{"taxonomy":"post_tag","embeddable":true,"href":"https:\/\/2023.lucas-filmfestival.de\/en\/wp-json\/wp\/v2\/tags?post=12552"}],"curies":[{"name":"wp","href":"https:\/\/api.w.org\/{rel}","templated":true}]}}